
{"id":1087,"date":"2016-04-21T10:44:42","date_gmt":"2016-04-21T09:44:42","guid":{"rendered":"http:\/\/www.nunoprospero.com\/blog\/?p=1087"},"modified":"2018-04-19T23:43:14","modified_gmt":"2018-04-19T22:43:14","slug":"que-fazer-com-esta-indignacao","status":"publish","type":"post","link":"https:\/\/www.nunoprospero.com\/blog\/2016\/04\/que-fazer-com-esta-indignacao\/","title":{"rendered":"Que fazer com esta indigna\u00e7\u00e3o?"},"content":{"rendered":"<p>Texto de <a href=\"http:\/\/expresso.sapo.pt\/autores\/2015-05-03-Valdemar-Cruz\" target=\"_blank\" rel=\"noopener\">Valdemar Cruz<\/a> publicado no <a href=\"http:\/\/expresso.sapo.pt\/newsletters\/expressomatinal\/2016-04-07-Que-fazer-com-esta-indignacao-\" target=\"_blank\" rel=\"noopener\">Expresso<\/a> a 7 de Abril<\/p>\n<p><img decoding=\"async\" loading=\"lazy\" class=\"aligncenter size-full wp-image-1212\" src=\"https:\/\/www.nunoprospero.com\/blog\/wp-content\/uploads\/2016\/04\/51srX6Z2-RL._SX293_BO1204203200_.jpg\" alt=\"\" width=\"295\" height=\"499\" srcset=\"https:\/\/www.nunoprospero.com\/blog\/wp-content\/uploads\/2016\/04\/51srX6Z2-RL._SX293_BO1204203200_.jpg 295w, https:\/\/www.nunoprospero.com\/blog\/wp-content\/uploads\/2016\/04\/51srX6Z2-RL._SX293_BO1204203200_-177x300.jpg 177w\" sizes=\"(max-width: 295px) 100vw, 295px\" \/><\/p>\n<blockquote><p>&#8220;Indignai-vos&#8221;. Com este t\u00edtulo dado em 2010 a\u00a0um pequeno livro, <strong>St\u00e9phane<\/strong> <strong>Hessel<\/strong><strong>, <\/strong><strong>ent\u00e3o<\/strong><strong> com 93 <\/strong><strong>anos<\/strong><strong>, <\/strong><strong>her\u00f3i<\/strong><strong> da\u00a0<\/strong><strong>Resist\u00eancia<\/strong> francesa, sobrevivente dos campos de concentra\u00e7\u00e3o nazis e um dos redatores da Declara\u00e7\u00e3o Universal dos Direitos Humanos, agitava as mornas \u00e1guas europeias e criava um fen\u00f3meno editorial. O objetivo era mostrar como ele pr\u00f3prio, n\u00e3o obstante tudo por quanto j\u00e1 passara, <strong>continuava<\/strong><strong> a <\/strong><strong>ter<\/strong> <strong>motivos<\/strong><strong> para rejeitar a resigna\u00e7\u00e3o<\/strong> e a indignar-se. Fosse pelo cada vez maior fosso entre ricos e pobres, o desrespeito pelos emigrantes ou a submiss\u00e3o ac\u00e9fala aos mercados financeiros.<\/p>\n<p>Hessel morreu em 2013, mas motivos da sua indigna\u00e7\u00e3o persistem cada vez mais vivos. \u00c9 o <a href=\"http:\/\/www.dn.pt\/mundo\/interior\/amnistia-acordo-ue-turquia-e-comprimido-de-cianeto-coberto-de-acucar-5085730.html\"><u>neg\u00f3cio da Uni\u00e3o Europeia com a Turquia<\/u><\/a> para despachar refugiados. \u00c9 o <u><a href=\"http:\/\/economico.sapo.pt\/noticias\/wikileaks-revela-alegado-plano-do-fmi-para-fazer-ceder-a-grecia-e-a-alemanha_246217.html\">plano do FMI<\/a><\/u>\u00a0para fazer quebrar a Gr\u00e9cia. E \u00e9, claro, <strong>o terramoto provocado pelos <\/strong><strong>P<\/strong><strong>ap<\/strong><strong>\u00e9<\/strong><strong>is do Panam\u00e1<\/strong>. Todos os dias h\u00e1 not\u00edcias novas e agora chegam informa\u00e7\u00f5es sobre o envolvimento de <a href=\"http:\/\/leitor.expresso.pt\/#library\/expressodiario\/06-04-2016\/caderno-1\/temas-principais\/morto-com-veneno-para-ratos-para-evitar-revelacoes-sobre-offshores-da-elite-chinesa-\"><u>alguma elite chinesa<\/u><\/a>, com familiares de altos dirigentes a serem acusados de possu\u00edrem empresas offshore secretas.<\/p>\n<p>Face ao <strong>perigo de satura\u00e7\u00e3o noticiosa<\/strong>, acentuado pela op\u00e7\u00e3o por divulgar a informa\u00e7\u00e3o gota a gota, come\u00e7a a impor-se o real <strong>receio de, ap\u00f3s o dil\u00favio <\/strong><strong>noticioso <\/strong><strong>regres<\/strong><strong>s<\/strong><strong>ar<\/strong><strong> a bonan\u00e7a de sempre<\/strong>. At\u00e9 novo dil\u00favio vir agitar consci\u00eancias &#8211; pese embora as pias promessas e apelos \u00e0 mudan\u00e7a de atitude &#8211; <strong>para no final tudo ficar como estava<\/strong>.<\/p>\n<p>Sen\u00e3o vejamos, sem nenhuma preocupa\u00e7\u00e3o de ser exaustivo:<\/p>\n<ol start=\"1\">\n<li>Em dezembro de 2014 David Cameron afirmou que a corrup\u00e7\u00e3o &#8220;<a href=\"http:\/\/www.theguardian.com\/news\/commentisfree\/2016\/apr\/06\/britain-tainted-cash-panama-papers?utm_source=esp&amp;utm_medium=Email&amp;utm_campaign=The+Best+of+CiF+base&amp;utm_term=165664&amp;subid=8540721&amp;CMP=ema_1364\"><u>era o cancro no cora\u00e7\u00e3o de grande parte dos problemas do mundo<\/u><\/a>&#8221; e prometeu <strong>medidas para aumentar a transpar\u00eancia dos neg\u00f3cios <\/strong>no Reino Unido. A pergunta: mudou algo num mundo onde a City de Londres aparece integrada num circuito virtuoso no qual se incluem o Panam\u00e1, as ilhas Virgens e outros para\u00edsos fiscais?<\/li>\n<\/ol>\n<ol start=\"2\">\n<li>J\u00e1 em 2013 o Cons\u00f3rcio Internacional de Jornalistas de Investiga\u00e7\u00e3o (CIJI), o mesmo que agora faz o not\u00e1vel trabalho de divulga\u00e7\u00e3o dos Pap\u00e9is do Panam\u00e1, publicou as <strong>&#8220;Offshore<\/strong><strong>Leaks<\/strong><strong>&#8221; com os dados de perto de 100 mil contas &#8220;offshore&#8221;<\/strong> de pessoas t\u00e3o distintas como fugitivos \u00e0 justi\u00e7a, traficantes de droga, ou gente t\u00e3o recomend\u00e1vel como Inne Marcos, filha de Ferdinando Marcos, antigo presidente das Filipinas, ou Bidzina Ivanishvill, ex-primeiro-ministro da Ge\u00f3rgia. Sobre este tema pode baixar <a href=\"https:\/\/cloudfront-files-1.publicintegrity.org\/documents\/pdfs\/ICIJ%20Secrecy%20for%20Sale.pdf\"><u>aqui<\/u><\/a>, na \u00edntegra e gratuito, o livro &#8220;<strong>Secrecy<\/strong><strong> for Sale \u2013 <\/strong><strong>Inside<\/strong><strong>the<\/strong><strong> global offshore <\/strong><strong>money<\/strong><strong>maze<\/strong>&#8220;, editado pelo CIJI.<\/li>\n<\/ol>\n<ol start=\"3\">\n<li>Enquanto presidente da Comiss\u00e3o Europeia, e na sequ\u00eancia das &#8220;Offshore Leaks&#8221;, Dur\u00e3o Barroso escreveu uma c\u00e9lebre carta aos chefes de Estado antes de uma cimeira a pedir que fossem <strong>aceleradas as <\/strong><strong>iniciativas<\/strong><strong> para combater a fraude e a evas\u00e3o fiscal<\/strong>, bem como a elabora\u00e7\u00e3o de uma lista europeia de para\u00edsos fiscais. A pergunta: o que mudou?<\/li>\n<\/ol>\n<ol start=\"4\">\n<li>A Uni\u00e3o Europeia possui um impressionante manancial de legisla\u00e7\u00e3o (refor\u00e7ada com o tratado de Lisboa) e <strong>relat\u00f3rios sobre a corrup\u00e7\u00e3o e a evas\u00e3o fiscal<\/strong>. Sabe-se, a partir desses documentos, que a fraude fiscal dever\u00e1 equivaler a <a href=\"http:\/\/www.europarl.europa.eu\/atyourservice\/pt\/displayFtu.html?ftuId=FTU_1.5.6.html\"><u>1 milh\u00e3o de milh\u00f5es de euros na Uni\u00e3o Europeia<\/u><\/a>, ou seja, 2.000 euros por cidad\u00e3o. Sabe-se que a corrup\u00e7\u00e3o afeta, de uma forma ou outra, todos os Estados membros <strong>e <\/strong><strong>custa\u00a0<\/strong><strong>mais<\/strong><strong> de 120 mil <\/strong><strong>milh\u00f5es<\/strong><strong> de euros <\/strong><strong>por\u00a0<\/strong><strong>ano<\/strong> \u00e0 economia da Uni\u00e3o. E depois?<\/li>\n<\/ol>\n<ol start=\"5\">\n<li>Sabe-se que estas perdas &#8220;representam <a href=\"http:\/\/www.europarl.europa.eu\/sides\/getDoc.do?pubRef=-\/\/EP\/\/TEXT+REPORT+A7-2013-0162+0+DOC+XML+V0\/\/PT\"><u>um perigo para a salvaguarda da economia social de mercado<\/u><\/a> da U E assente em servi\u00e7os p\u00fablicos de qualidade&#8221; e facilita lucros socialmente lesivos, &#8220;<strong>o que conduz ao aumento das desigualdades<\/strong>&#8220;. E ent\u00e3o?<\/li>\n<\/ol>\n<ol start=\"6\">\n<li>Um <a href=\"http:\/\/www.europarl.europa.eu\/sides\/getDoc.do?pubRef=-\/\/EP\/\/TEXT+REPORT+A7-2013-0162+0+DOC+XML+V0\/\/PT\"><u>relat\u00f3rio de 2013<\/u><\/a> assinalava j\u00e1 que pa\u00edses abrangidos pelos programas da Troika, &#8220;assistiram \u00e0 <strong>partida de muitas das suas grandes empresas <\/strong>para beneficiarem de vantagens fiscais oferecidas por outros pa\u00edses&#8221;. S\u00f3 na Gr\u00e9cia, desde o in\u00edcio de 2012, &#8220;<strong>n\u00e3o menos de 60 mil milh\u00f5es de euros foram transferidos<\/strong> do pa\u00eds para bancos su\u00ed\u00e7os&#8221;. O que foi feito?<\/li>\n<\/ol>\n<p>A cultura do segredo fiscal \u00e9 antidemocr\u00e1tica, mas temos visto como o poder n\u00e3o mexe um dedo para extinguir de facto os para\u00edsos fiscais. Temos visto nas \u00faltimas d\u00e9cadas os pa\u00edses, mesmo da UE, entrarem em competi\u00e7\u00e3o para ver quem reduz mais impostos \u00e0s empresas e aos mais ricos, enquanto os apoios sociais s\u00e3o sistematicamente reduzidos e diabolizados. Os <a href=\"http:\/\/expresso.sapo.pt\/blogues\/blogue_no_proprio_dia\/2016-04-03-O-maior-crime-de-sempre\"><u>Papeis do Panam\u00e1<\/u><\/a> apenas acentuam as contradi\u00e7\u00f5es contidas no sistema que gera esta realidade da qual resulta a subtra\u00e7\u00e3o de bili\u00f5es de euros de impostos sonegados aos pa\u00edses e \u00e0s comunidades.<\/p><\/blockquote>\n","protected":false},"excerpt":{"rendered":"<p>Texto de Valdemar Cruz publicado no Expresso a 7 de Abril &#8220;Indignai-vos&#8221;. Com este t\u00edtulo dado em 2010 a\u00a0um pequeno livro, St\u00e9phane Hessel, ent\u00e3o com 93 anos, her\u00f3i da\u00a0Resist\u00eancia francesa, sobrevivente dos campos de concentra\u00e7\u00e3o nazis e um dos redatores da Declara\u00e7\u00e3o Universal dos Direitos Humanos, agitava as mornas \u00e1guas europeias e criava um fen\u00f3meno [&hellip;]<\/p>\n","protected":false},"author":1,"featured_media":1212,"comment_status":"open","ping_status":"open","sticky":false,"template":"","format":"standard","meta":{"footnotes":""},"categories":[12],"tags":[],"_links":{"self":[{"href":"https:\/\/www.nunoprospero.com\/blog\/wp-json\/wp\/v2\/posts\/1087"}],"collection":[{"href":"https:\/\/www.nunoprospero.com\/blog\/wp-json\/wp\/v2\/posts"}],"about":[{"href":"https:\/\/www.nunoprospero.com\/blog\/wp-json\/wp\/v2\/types\/post"}],"author":[{"embeddable":true,"href":"https:\/\/www.nunoprospero.com\/blog\/wp-json\/wp\/v2\/users\/1"}],"replies":[{"embeddable":true,"href":"https:\/\/www.nunoprospero.com\/blog\/wp-json\/wp\/v2\/comments?post=1087"}],"version-history":[{"count":0,"href":"https:\/\/www.nunoprospero.com\/blog\/wp-json\/wp\/v2\/posts\/1087\/revisions"}],"wp:featuredmedia":[{"embeddable":true,"href":"https:\/\/www.nunoprospero.com\/blog\/wp-json\/wp\/v2\/media\/1212"}],"wp:attachment":[{"href":"https:\/\/www.nunoprospero.com\/blog\/wp-json\/wp\/v2\/media?parent=1087"}],"wp:term":[{"taxonomy":"category","embeddable":true,"href":"https:\/\/www.nunoprospero.com\/blog\/wp-json\/wp\/v2\/categories?post=1087"},{"taxonomy":"post_tag","embeddable":true,"href":"https:\/\/www.nunoprospero.com\/blog\/wp-json\/wp\/v2\/tags?post=1087"}],"curies":[{"name":"wp","href":"https:\/\/api.w.org\/{rel}","templated":true}]}}